{"id":16333,"date":"2022-01-07T12:26:22","date_gmt":"2022-01-07T12:26:22","guid":{"rendered":"https:\/\/radisgroup.ahmadalkhuleyf.net\/bosphorus-summit-2023\/"},"modified":"2024-02-10T09:01:28","modified_gmt":"2024-02-10T09:01:28","slug":"bosphorus-summit-2023","status":"publish","type":"post","link":"https:\/\/radiksgroup.com\/tr\/bosphorus-summit-2023\/","title":{"rendered":"Bo\u011fazi\u00e7i Zirvesi 2023"},"content":{"rendered":"\r\n<p><strong>D\u00fcnya Genelinde Sanayi Liderlerini ve \u0130novat\u00f6rleri Birle\u015ftirerek G\u00fcncel Zorluklara \u00c7\u00f6z\u00fcm Bulma<\/strong><\/p>\r\n<p>Umut vaat eden yat\u0131r\u0131m \u015fehri \u0130stanbul&#8217;un kalbinde, 16-17 Kas\u0131m tarihlerinde Bo\u011fazi\u00e7i Zirvesi 2023 d\u00fczenlendi. D\u00fcnya genelinden end\u00fcstri, yat\u0131r\u0131m, karar al\u0131c\u0131lar ve akademisyen liderleri bir araya getiren zirve, s\u00fcrd\u00fcr\u00fclebilir ilerleme i\u00e7in g\u00fcncel k\u00fcresel zorluklar\u0131 tart\u0131\u015fmay\u0131 ama\u00e7lad\u0131.<\/p>\r\n<p><strong>Bo\u011fazi\u00e7i Zirvesi 2023 Vizyonu:<\/strong><\/p>\r\n<p>Bo\u011fazi\u00e7i Zirvesi 2023&#8217;\u00fcn vizyonu, b\u00f6lgesel ve k\u00fcresel zorluklar\u0131 ele almak i\u00e7in b\u00fcy\u00fck liderlik \u00e7abalar\u0131n\u0131 birle\u015ftirmekte yat\u0131yor. \u00dclkeler, kurulu\u015flar ve \u015firketler aras\u0131nda etkili ba\u011flant\u0131lar kurmay\u0131 ve i\u015fbirli\u011fini art\u0131rmay\u0131 ve ilerleme sa\u011flamay\u0131 hedefliyor.<\/p>\r\n<p><strong>Bo\u011fazi\u00e7i Zirvesi 2023: &#8220;Gelecek Y\u00fczy\u0131l\u0131 Kar\u015f\u0131lamak\u201d temas\u0131yla ger\u00e7ekle\u015ftirildi<\/strong><\/p>\r\n<p>Bo\u011fazi\u00e7i Zirvesi 2023, &#8220;Gelecek Y\u00fczy\u0131l\u0131 Kar\u015f\u0131lamak: Zorluklar ve Beklentiler&#8221; temas\u0131 alt\u0131nda d\u00fczenlenmi\u015f olup, k\u00fcresel inovat\u00f6rlere, karar al\u0131c\u0131lara ve i\u015f liderlerine daha iyi bir gelecek kurmak i\u00e7in yap\u0131c\u0131 ileti\u015fim ihtiyac\u0131na dair do\u011frudan bir mesaj iletiyor. K\u00fcresel \u00f6l\u00e7ekte sekt\u00f6rdeki mevcut zorluklar\u0131n \u00fcstesinden gelmeyi ve d\u00fcnya genelinde inovasyon ve geli\u015fme f\u0131rsatlar\u0131 yaratmay\u0131 vurguluyor.<\/p>\r\n<p><strong>Radiks Group Yat\u0131r\u0131m Holding \u015eirketi&#8217;nin Bo\u011fazi\u00e7i Zirvesi 2023teki \u00d6nemli Varl\u0131\u011f\u0131:<\/strong><\/p>\r\n<p>Y\u00fczlerce uluslararas\u0131 i\u015f lideri ve \u00f6nde gelen yat\u0131r\u0131m \u015firketi aras\u0131nda, Radiks Group Yat\u0131r\u0131m Holding \u015eirketi, 14.Bo\u011fazi\u00e7i Zirvesi 2023&#8217;te \u00f6nemli bir Arap yat\u0131r\u0131m \u015firketi olarak \u00f6ne \u00e7\u0131kt\u0131. Bu varl\u0131k, \u00e7a\u011fda\u015f zorluklara yakla\u015f\u0131mda inovasyon ve yap\u0131c\u0131 etkile\u015fime olan ba\u011fl\u0131l\u0131\u011f\u0131n\u0131 vurguluyor.<\/p>\r\n<p><strong>Tart\u0131\u015fma Konular\u0131 ve At\u00f6lyeler:<\/strong><\/p>\r\n<p>Bo\u011fazi\u00e7i Zirvesi 2023, iklim de\u011fi\u015fikli\u011finden teknolojiye kadar \u00e7e\u015fitli konular\u0131 i\u00e7eren tart\u0131\u015fmalara ev sahipli\u011fi yapt\u0131, ayn\u0131 zamanda farkl\u0131 \u00fclkelerle entegre stratejik uluslararas\u0131 i\u015fbirli\u011fini te\u015fvik etmek i\u00e7in at\u00f6lyeler d\u00fczenledi. Zirve, yeni k\u00fcresel ortakl\u0131klar kurarak ve \u00e7ok tarafl\u0131 uluslararas\u0131 i\u015fbirli\u011fi ilkesini sa\u011flamla\u015ft\u0131rarak s\u00fcrd\u00fcr\u00fclebilir bir k\u00fcresel ekonomi i\u00e7in \u00e7aba g\u00f6stermeyi ama\u00e7lad\u0131.<\/p>\r\n<p><strong>Sonu\u00e7:<\/strong><\/p>\r\n<p>Bo\u011fazi\u00e7i Zirvesi 2023, engellerin \u00fcstesinden gelme, benzersiz inovatif f\u0131rsatlar\u0131 ke\u015ffetme, k\u00fcresel uluslararas\u0131 i\u015fbirli\u011finin gelece\u011fini yeniden \u015fekillendirme ve \u00fclkeler aras\u0131 ticari i\u015fbirli\u011finin hem b\u00f6lgesel hem de k\u00fcresel \u00f6l\u00e7ekte ba\u015far\u0131s\u0131n\u0131 sa\u011flama \u00e7a\u011fr\u0131s\u0131 yaparak oturumlar\u0131n\u0131 tamamlad\u0131.<br \/>Kaynaklar:<\/p>\r\n<p>East Media News Agency<br \/>Resmi BBo\u011fazi\u00e7i Zirvesi Web Sitesi<\/p>\r\n\r\n<p>&nbsp;<\/p>\r\n<p>&nbsp;<\/p>\r\n<p>&nbsp;<\/p>\r\n<p>&nbsp;<\/p>\r\n<p>&nbsp;<\/p>\r\n<p>&nbsp;<\/p>\r\n<p>&nbsp;<\/p>\r\n<p>&nbsp;<\/p>","protected":false},"excerpt":{"rendered":"<p>D\u00fcnya Genelinde Sanayi Liderlerini ve \u0130novat\u00f6rleri Birle\u015ftirerek G\u00fcncel Zorluklara \u00c7\u00f6z\u00fcm Bulma Umut vaat eden yat\u0131r\u0131m \u015fehri \u0130stanbul&#8217;un kalbinde, 16-17 Kas\u0131m tarihlerinde Bo\u011fazi\u00e7i Zirvesi 2023 d\u00fczenlendi. D\u00fcnya genelinden end\u00fcstri, yat\u0131r\u0131m, karar al\u0131c\u0131lar ve akademisyen liderleri bir araya getiren zirve, s\u00fcrd\u00fcr\u00fclebilir ilerleme i\u00e7in g\u00fcncel k\u00fcresel zorluklar\u0131 tart\u0131\u015fmay\u0131 ama\u00e7lad\u0131. Bo\u011fazi\u00e7i Zirvesi 2023 Vizyonu: Bo\u011fazi\u00e7i Zirvesi 2023&#8217;\u00fcn vizyonu, b\u00f6lgesel [&hellip;]<\/p>\n","protected":false},"author":1,"featured_media":16334,"comment_status":"closed","ping_status":"open","sticky":false,"template":"","format":"standard","meta":{"_acf_changed":false,"footnotes":""},"categories":[63],"tags":[],"class_list":["post-16333","post","type-post","status-publish","format-standard","has-post-thumbnail","hentry","category-news-tr"],"acf":[],"_links":{"self":[{"href":"https:\/\/radiksgroup.com\/tr\/wp-json\/wp\/v2\/posts\/16333","targetHints":{"allow":["GET"]}}],"collection":[{"href":"https:\/\/radiksgroup.com\/tr\/wp-json\/wp\/v2\/posts"}],"about":[{"href":"https:\/\/radiksgroup.com\/tr\/wp-json\/wp\/v2\/types\/post"}],"author":[{"embeddable":true,"href":"https:\/\/radiksgroup.com\/tr\/wp-json\/wp\/v2\/users\/1"}],"replies":[{"embeddable":true,"href":"https:\/\/radiksgroup.com\/tr\/wp-json\/wp\/v2\/comments?post=16333"}],"version-history":[{"count":3,"href":"https:\/\/radiksgroup.com\/tr\/wp-json\/wp\/v2\/posts\/16333\/revisions"}],"predecessor-version":[{"id":16774,"href":"https:\/\/radiksgroup.com\/tr\/wp-json\/wp\/v2\/posts\/16333\/revisions\/16774"}],"wp:featuredmedia":[{"embeddable":true,"href":"https:\/\/radiksgroup.com\/tr\/wp-json\/wp\/v2\/media\/16334"}],"wp:attachment":[{"href":"https:\/\/radiksgroup.com\/tr\/wp-json\/wp\/v2\/media?parent=16333"}],"wp:term":[{"taxonomy":"category","embeddable":true,"href":"https:\/\/radiksgroup.com\/tr\/wp-json\/wp\/v2\/categories?post=16333"},{"taxonomy":"post_tag","embeddable":true,"href":"https:\/\/radiksgroup.com\/tr\/wp-json\/wp\/v2\/tags?post=16333"}],"curies":[{"name":"wp","href":"https:\/\/api.w.org\/{rel}","templated":true}]}}