{"id":16331,"date":"2023-12-24T20:47:44","date_gmt":"2023-12-24T20:47:44","guid":{"rendered":"https:\/\/radisgroup.ahmadalkhuleyf.net\/dubai-pmc\/"},"modified":"2024-02-10T09:07:11","modified_gmt":"2024-02-10T09:07:11","slug":"dubai-pmc","status":"publish","type":"post","link":"https:\/\/radiksgroup.com\/tr\/dubai-pmc\/","title":{"rendered":"Dubai K\u0131ymetli Madenler Konferans\u0131"},"content":{"rendered":"\r\n<p>&nbsp;<\/p>\r\n<p><strong>Dijital Alt\u0131n Ticaretinin Gelece\u011fini A\u00e7\u0131\u011fa \u00c7\u0131karma<\/strong><br \/>Dubai Multi Commodities Centre (DMCC) taraf\u0131ndan d\u00fczenlenen y\u0131ll\u0131k Dubai K\u0131ymetli Metaller Konferans\u0131&#8217;nda, k\u0131ymetli metaller end\u00fcstrisinin zirvesini ke\u015ffedin. Bu konferans, d\u00fcnya \u00e7ap\u0131ndan t\u00fcccarlar\u0131, d\u00fczenleyici kurumlar\u0131 ve sekt\u00f6r uzmanlar\u0131n\u0131 bir araya getirerek uluslararas\u0131 k\u0131ymetli metaller sekt\u00f6r\u00fcndeki en son trendleri ve zorluklar\u0131 tart\u0131\u015fmaktad\u0131r. K\u0131ymetli metaller end\u00fcstrisinde \u015feffafl\u0131\u011f\u0131 ve b\u00fct\u00fcnl\u00fc\u011f\u00fc art\u0131rma ihtiyac\u0131na \u00f6zel bir vurgu yaparak, konferans, k\u00fcresel standartlar ve en iyi uygulamalara uyumu ele almaktad\u0131r.<\/p>\r\n<p>Al<strong>t\u0131n Ticaretini Dijitalle\u015ftirmek: Oyun De\u011fi\u015ftiren Bir Hamle<\/strong><\/p>\r\n<p>Alt\u0131n piyasas\u0131n\u0131 canland\u0131rmak ve k\u0131ymetli metallerin ticaretini kolayla\u015ft\u0131rmak i\u00e7in DMCC, konferans s\u0131ras\u0131nda &#8220;Comtec Gold&#8221; ile stratejik bir ortakl\u0131k duyurdu. Bu i\u015fbirli\u011fi, k\u0131ymetli metalleri kodlamak ve her kodu DMCC&#8217;nin &#8220;Trade Flow&#8221; platformu taraf\u0131ndan sa\u011flanan garantilere ba\u011flamak suretiyle alt\u0131n ticaretine dijital bir boyut getiriyor. Bu devrim niteli\u011findeki yakla\u015f\u0131m, t\u00fcccarlar\u0131n sadece bir gramdan ba\u015flayarak alt\u0131n sat\u0131n almalar\u0131na olanak tan\u0131r, bu da eri\u015fim ve kolayl\u0131k a\u00e7\u0131s\u0131ndan yeni bir \u00e7a\u011f\u0131n ba\u015flamas\u0131na neden olur.<\/p>\r\n<p><strong>BAE: K\u0131ymetli Metaller Ticareti \u0130\u00e7in Lider Bir Merkez<\/strong><\/p>\r\n<p>Birle\u015fik Arap Emirlikleri, k\u0131ymetli metaller ticareti i\u00e7in \u00f6nemli bir merkez olarak konumunu sa\u011flamla\u015ft\u0131rm\u0131\u015ft\u0131r. Dr. Thani bin Ahmed Al Zeyoudi, D\u0131\u015f Ticaret Bakan\u0131 olarak, BAE&#8217;nin k\u0131ymetli metaller ticaretinde merkezi bir oyuncu olarak gururla a\u00e7\u0131klad\u0131 ve end\u00fcstrinin gelece\u011fini \u015fekillendeki \u00f6nemli bir rol oynad\u0131. \u00dclke, alt\u0131n ve k\u0131ymetli metaller ticaretini daha \u015feffaf ve g\u00fcvenilir hale getirmek i\u00e7in \u015feffafl\u0131k ve b\u00fct\u00fcnl\u00fc\u011f\u00fc sa\u011flama konusunda kararl\u0131d\u0131r.<\/p>\r\n<p><strong>Radiks Group: Alt\u0131n Ticaretini G\u00fc\u00e7lendirmek \u0130\u00e7in Uluslararas\u0131 Fuarlarla Uyum Sa\u011flama<\/strong><\/p>\r\n<p>Dubai K\u0131ymetli Metaller Konferans\u0131&#8217;ndaki \u00f6nemli kat\u0131l\u0131mc\u0131lardan biri de Radiks m\u00fccevherat\u0131n\u0131n CEO&#8217;su olan \u0130smail Drabala oldu. Radiks Groupu&#8217;nun yat\u0131r\u0131m \u015firketlerinin \u00f6nemli bir \u00fcyesi olarak, alt\u0131n sekt\u00f6r\u00fcndeki \u00f6nemli politika ve geli\u015fmeleri ortaya \u00e7\u0131kard\u0131. Radiks Groupu, alt\u0131n ticaretinin s\u00fcrekli de\u011fi\u015fen manzaras\u0131 ile politikalar\u0131n\u0131 uyumlu hale getirerek end\u00fcstri yeniliklerine ve g\u00fcncellemelerine \u00f6nc\u00fcl\u00fck etmektedir.<\/p>\r\n<p>Kaynak:<br \/>Emirates News Agency (WAM)<\/p>\r\n\r\n<p>&nbsp;<\/p>\r\n<p>&nbsp;<\/p>\r\n<p>&nbsp;<\/p>\r\n<p>&nbsp;<\/p>\r\n<p>&nbsp;<\/p>\r\n<p>&nbsp;<\/p>\r\n<p>&nbsp;<\/p>\r\n<p>&nbsp;<\/p>\r\n<p>&nbsp;<\/p>","protected":false},"excerpt":{"rendered":"<p>&nbsp; Dijital Alt\u0131n Ticaretinin Gelece\u011fini A\u00e7\u0131\u011fa \u00c7\u0131karmaDubai Multi Commodities Centre (DMCC) taraf\u0131ndan d\u00fczenlenen y\u0131ll\u0131k Dubai K\u0131ymetli Metaller Konferans\u0131&#8217;nda, k\u0131ymetli metaller end\u00fcstrisinin zirvesini ke\u015ffedin. Bu konferans, d\u00fcnya \u00e7ap\u0131ndan t\u00fcccarlar\u0131, d\u00fczenleyici kurumlar\u0131 ve sekt\u00f6r uzmanlar\u0131n\u0131 bir araya getirerek uluslararas\u0131 k\u0131ymetli metaller sekt\u00f6r\u00fcndeki en son trendleri ve zorluklar\u0131 tart\u0131\u015fmaktad\u0131r. K\u0131ymetli metaller end\u00fcstrisinde \u015feffafl\u0131\u011f\u0131 ve b\u00fct\u00fcnl\u00fc\u011f\u00fc art\u0131rma ihtiyac\u0131na \u00f6zel [&hellip;]<\/p>\n","protected":false},"author":1,"featured_media":16332,"comment_status":"closed","ping_status":"open","sticky":false,"template":"","format":"standard","meta":{"_acf_changed":false,"footnotes":""},"categories":[63],"tags":[],"class_list":["post-16331","post","type-post","status-publish","format-standard","has-post-thumbnail","hentry","category-news-tr"],"acf":[],"_links":{"self":[{"href":"https:\/\/radiksgroup.com\/tr\/wp-json\/wp\/v2\/posts\/16331","targetHints":{"allow":["GET"]}}],"collection":[{"href":"https:\/\/radiksgroup.com\/tr\/wp-json\/wp\/v2\/posts"}],"about":[{"href":"https:\/\/radiksgroup.com\/tr\/wp-json\/wp\/v2\/types\/post"}],"author":[{"embeddable":true,"href":"https:\/\/radiksgroup.com\/tr\/wp-json\/wp\/v2\/users\/1"}],"replies":[{"embeddable":true,"href":"https:\/\/radiksgroup.com\/tr\/wp-json\/wp\/v2\/comments?post=16331"}],"version-history":[{"count":3,"href":"https:\/\/radiksgroup.com\/tr\/wp-json\/wp\/v2\/posts\/16331\/revisions"}],"predecessor-version":[{"id":16776,"href":"https:\/\/radiksgroup.com\/tr\/wp-json\/wp\/v2\/posts\/16331\/revisions\/16776"}],"wp:featuredmedia":[{"embeddable":true,"href":"https:\/\/radiksgroup.com\/tr\/wp-json\/wp\/v2\/media\/16332"}],"wp:attachment":[{"href":"https:\/\/radiksgroup.com\/tr\/wp-json\/wp\/v2\/media?parent=16331"}],"wp:term":[{"taxonomy":"category","embeddable":true,"href":"https:\/\/radiksgroup.com\/tr\/wp-json\/wp\/v2\/categories?post=16331"},{"taxonomy":"post_tag","embeddable":true,"href":"https:\/\/radiksgroup.com\/tr\/wp-json\/wp\/v2\/tags?post=16331"}],"curies":[{"name":"wp","href":"https:\/\/api.w.org\/{rel}","templated":true}]}}