{"id":15982,"date":"2022-01-07T12:26:22","date_gmt":"2022-01-07T12:26:22","guid":{"rendered":"https:\/\/radisgroup.ahmadalkhuleyf.net\/bosphorus-summit-2023\/"},"modified":"2026-02-03T09:34:57","modified_gmt":"2026-02-03T09:34:57","slug":"bosphorus-summit-2023","status":"publish","type":"post","link":"https:\/\/radiksgroup.com\/fr\/bosphorus-summit-2023\/","title":{"rendered":"Sommet du Bosphore 2023"},"content":{"rendered":"\n<p>&nbsp;<\/p>\n<p><strong>Rassembler les leaders de l&rsquo;industrie et les innovateurs du monde entier pour relever les d\u00e9fis contemporains<\/strong><\/p>\n<p>Au c\u0153ur de la ville d&rsquo;Istanbul, prometteuse sur le plan de l&rsquo;investissement, le Sommet du Bosphore 2023 a eu lieu les 16 et 17 novembre, r\u00e9unissant des leaders de l&rsquo;industrie, de l&rsquo;investissement, des d\u00e9cideurs et des universitaires du monde entier. Le sommet visait \u00e0 discuter des d\u00e9fis mondiaux contemporains, favorisant la communication et l&rsquo;innovation pour un progr\u00e8s futur durable.<\/p>\n<p><strong>Vision du Sommet du Bosphore 2023 :<\/strong><\/p>\n<p>La vision du Sommet du Bosphore 2023 consiste \u00e0 unir les efforts majeurs des dirigeants pour relever les d\u00e9fis r\u00e9gionaux et mondiaux. Il vise \u00e0 \u00e9tablir des liens efficaces entre les pays, les organisations et les entreprises pour renforcer la collaboration et r\u00e9aliser des progr\u00e8s.<\/p>\n<p><strong>Sommet du Bosphore 2023 : Sous le th\u00e8me \u00ab\u00a0NAVIGUER LE PROCHAIN SI\u00c8CLE : D\u00c9FIS ET PROMESSES\u00a0\u00bb<\/strong><\/p>\n<p>Le sommet, sous le th\u00e8me \u00ab\u00a0NAVIGUER LE PROCHAIN SI\u00c8CLE : D\u00c9FIS ET PROMESSES\u00a0\u00bb, transmet un message direct aux innovateurs mondiaux, aux d\u00e9cideurs et aux chefs d&rsquo;entreprise sur la n\u00e9cessit\u00e9 imp\u00e9rative d&rsquo;une communication constructive pour forger un avenir meilleur. Il met l&rsquo;accent sur le d\u00e9passement des d\u00e9fis actuels de l&rsquo;industrie pour cr\u00e9er des opportunit\u00e9s d&rsquo;innovation et de d\u00e9veloppement dans le monde entier.<\/p>\n<p><strong>Pr\u00e9sence marquante de la soci\u00e9t\u00e9 d&rsquo;investissement Radiks Group au Sommet du Bosphore 2023 :<\/strong><\/p>\n<p>Parmi des centaines de leaders d&rsquo;entreprises internationales et de grandes entreprises d&rsquo;investissement, la soci\u00e9t\u00e9 d&rsquo;investissement Radiks Group s&rsquo;est distingu\u00e9e en tant que soci\u00e9t\u00e9 d&rsquo;investissement arabe significative lors du 14e Sommet du Bosphore. Cette pr\u00e9sence souligne son engagement envers l&rsquo;innovation et l&rsquo;interaction constructive pour relever les d\u00e9fis contemporains.<\/p>\n<p><strong>Sujets de discussion et ateliers :<\/strong><\/p>\n<p>Le Sommet du Bosphore 2023 a accueilli des discussions sur divers sujets, allant du changement climatique \u00e0 la technologie, ainsi que des ateliers visant \u00e0 promouvoir une collaboration internationale strat\u00e9gique int\u00e9gr\u00e9e avec diff\u00e9rents pays dans le monde. Le sommet visait \u00e0 soutenir les efforts en faveur d&rsquo;une \u00e9conomie mondiale durable en \u00e9tablissant de nouveaux partenariats mondiaux et en consolidant le principe de la coop\u00e9ration internationale multilat\u00e9rale.<\/p>\n<p><strong>Conclusion :<\/strong><\/p>\n<p>Le 14e Sommet du Bosphore a conclu ses sessions par un appel direct \u00e0 surmonter les obstacles, \u00e0 d\u00e9couvrir des opportunit\u00e9s innovantes distinctives, \u00e0 remodeler l&rsquo;avenir de la coop\u00e9ration internationale mondiale et \u00e0 assurer le succ\u00e8s de la collaboration commerciale entre les pays tant au niveau r\u00e9gional que mondial.<\/p>\n<p>Sources :<\/p>\n<p>Agence de presse East Media Site officiel du Sommet du Bosphore\u00a0\u00bb<\/p>\n\n<p>&nbsp;<\/p>\n<p>&nbsp;<\/p>\n<p>&nbsp;<\/p>\n<p>&nbsp;<\/p>\n<p>&nbsp;<\/p>\n<p>&nbsp;<\/p>\n<p><span id=\"ginger-button-for-rephrase\" class=\"syn-mode\" style=\"left: 7px; top: 952.25px; position: fixed; z-index: 51; visibility: visible;\" title=\"Rephrase\"><\/span><\/p>","protected":false},"excerpt":{"rendered":"<p>&nbsp; Rassembler les leaders de l&rsquo;industrie et les innovateurs du monde entier pour relever les d\u00e9fis contemporains Au c\u0153ur de la ville d&rsquo;Istanbul, prometteuse sur le plan de l&rsquo;investissement, le Sommet du Bosphore 2023 a eu lieu les 16 et 17 novembre, r\u00e9unissant des leaders de l&rsquo;industrie, de l&rsquo;investissement, des d\u00e9cideurs et des universitaires du [&hellip;]<\/p>\n","protected":false},"author":1,"featured_media":15638,"comment_status":"closed","ping_status":"open","sticky":false,"template":"","format":"standard","meta":{"_acf_changed":false,"footnotes":""},"categories":[41],"tags":[],"class_list":["post-15982","post","type-post","status-publish","format-standard","has-post-thumbnail","hentry","category-news"],"acf":[],"_links":{"self":[{"href":"https:\/\/radiksgroup.com\/fr\/wp-json\/wp\/v2\/posts\/15982","targetHints":{"allow":["GET"]}}],"collection":[{"href":"https:\/\/radiksgroup.com\/fr\/wp-json\/wp\/v2\/posts"}],"about":[{"href":"https:\/\/radiksgroup.com\/fr\/wp-json\/wp\/v2\/types\/post"}],"author":[{"embeddable":true,"href":"https:\/\/radiksgroup.com\/fr\/wp-json\/wp\/v2\/users\/1"}],"replies":[{"embeddable":true,"href":"https:\/\/radiksgroup.com\/fr\/wp-json\/wp\/v2\/comments?post=15982"}],"version-history":[{"count":5,"href":"https:\/\/radiksgroup.com\/fr\/wp-json\/wp\/v2\/posts\/15982\/revisions"}],"predecessor-version":[{"id":21364,"href":"https:\/\/radiksgroup.com\/fr\/wp-json\/wp\/v2\/posts\/15982\/revisions\/21364"}],"wp:featuredmedia":[{"embeddable":true,"href":"https:\/\/radiksgroup.com\/fr\/wp-json\/wp\/v2\/media\/15638"}],"wp:attachment":[{"href":"https:\/\/radiksgroup.com\/fr\/wp-json\/wp\/v2\/media?parent=15982"}],"wp:term":[{"taxonomy":"category","embeddable":true,"href":"https:\/\/radiksgroup.com\/fr\/wp-json\/wp\/v2\/categories?post=15982"},{"taxonomy":"post_tag","embeddable":true,"href":"https:\/\/radiksgroup.com\/fr\/wp-json\/wp\/v2\/tags?post=15982"}],"curies":[{"name":"wp","href":"https:\/\/api.w.org\/{rel}","templated":true}]}}